{"id":38308,"date":"2025-04-02T14:18:21","date_gmt":"2025-04-02T14:18:21","guid":{"rendered":"https:\/\/www.linbis.com\/?p=38308"},"modified":"2025-04-02T14:18:23","modified_gmt":"2025-04-02T14:18:23","slug":"tamanos-estandar-de-contenedores","status":"publish","type":"post","link":"https:\/\/www.linbis.com\/es\/sin-categorizar\/tamanos-estandar-de-contenedores\/","title":{"rendered":"Fundamentos de las Dimensiones de los Contenedores"},"content":{"rendered":"\t\t<div data-elementor-type=\"wp-post\" data-elementor-id=\"38308\" class=\"elementor elementor-38308\" data-elementor-post-type=\"post\">\n\t\t\t\t\t\t<section class=\"elementor-section elementor-top-section elementor-element elementor-element-79eb9728 elementor-section-boxed elementor-section-height-default elementor-section-height-default\" data-id=\"79eb9728\" data-element_type=\"section\" data-settings=\"{&quot;background_background&quot;:&quot;gradient&quot;}\">\n\t\t\t\t\t\t<div class=\"elementor-container elementor-column-gap-default\">\n\t\t\t\t\t<div class=\"elementor-column elementor-col-50 elementor-top-column elementor-element elementor-element-3b2feae4 elementor-invisible\" data-id=\"3b2feae4\" data-element_type=\"column\" data-settings=\"{&quot;animation&quot;:&quot;fadeInLeft&quot;}\">\n\t\t\t<div class=\"elementor-widget-wrap elementor-element-populated\">\n\t\t\t\t\t\t<div class=\"elementor-element elementor-element-5048dd97 elementor-widget elementor-widget-heading\" data-id=\"5048dd97\" data-element_type=\"widget\" data-widget_type=\"heading.default\">\n\t\t\t\t<div class=\"elementor-widget-container\">\n\t\t\t<style>\/*! elementor - v3.23.0 - 05-08-2024 *\/\n.elementor-heading-title{padding:0;margin:0;line-height:1}.elementor-widget-heading .elementor-heading-title[class*=elementor-size-]>a{color:inherit;font-size:inherit;line-height:inherit}.elementor-widget-heading .elementor-heading-title.elementor-size-small{font-size:15px}.elementor-widget-heading .elementor-heading-title.elementor-size-medium{font-size:19px}.elementor-widget-heading .elementor-heading-title.elementor-size-large{font-size:29px}.elementor-widget-heading .elementor-heading-title.elementor-size-xl{font-size:39px}.elementor-widget-heading .elementor-heading-title.elementor-size-xxl{font-size:59px}<\/style><h1 class=\"elementor-heading-title elementor-size-default\">Fundamentos de las Dimensiones de los Contenedores <\/h1>\t\t<\/div>\n\t\t\t\t<\/div>\n\t\t\t\t<div class=\"elementor-element elementor-element-313a28f6 elementor-widget elementor-widget-heading\" data-id=\"313a28f6\" data-element_type=\"widget\" data-widget_type=\"heading.default\">\n\t\t\t\t<div class=\"elementor-widget-container\">\n\t\t\t<div class=\"elementor-heading-title elementor-size-default\"> Los contenedores mar\u00edtimos son la columna vertebral del comercio global, permitiendo el transporte eficiente de mercanc\u00edas por oc\u00e9ano, ferrocarril y carretera. Entender las dimensiones de los contenedores es clave para empresas, agentes de carga y profesionales log\u00edsticos que buscan optimizar espacio, reducir costos y cumplir con normativas internacionales.\n<\/div>\t\t<\/div>\n\t\t\t\t<\/div>\n\t\t\t\t<div class=\"elementor-element elementor-element-5e8b2b55 elementor-widget elementor-widget-button\" data-id=\"5e8b2b55\" data-element_type=\"widget\" data-widget_type=\"button.default\">\n\t\t\t\t<div class=\"elementor-widget-container\">\n\t\t\t\t\t<div class=\"elementor-button-wrapper\">\n\t\t\t<a class=\"elementor-button elementor-button-link elementor-size-md\" href=\"https:\/\/www.linbis.com\/pricing\/\">\n\t\t\t\t\t\t<span class=\"elementor-button-content-wrapper\">\n\t\t\t\t\t\t\t\t\t<span class=\"elementor-button-text\">Discover more<\/span>\n\t\t\t\t\t<\/span>\n\t\t\t\t\t<\/a>\n\t\t<\/div>\n\t\t\t\t<\/div>\n\t\t\t\t<\/div>\n\t\t\t\t\t<\/div>\n\t\t<\/div>\n\t\t\t\t<div class=\"elementor-column elementor-col-50 elementor-top-column elementor-element elementor-element-7d326d83\" data-id=\"7d326d83\" data-element_type=\"column\">\n\t\t\t<div class=\"elementor-widget-wrap elementor-element-populated\">\n\t\t\t\t\t\t<div class=\"elementor-element elementor-element-7afe509 elementor-widget__width-initial elementor-widget elementor-widget-image\" data-id=\"7afe509\" data-element_type=\"widget\" data-widget_type=\"image.default\">\n\t\t\t\t<div class=\"elementor-widget-container\">\n\t\t\t<style>\/*! elementor - v3.23.0 - 05-08-2024 *\/\n.elementor-widget-image{text-align:center}.elementor-widget-image a{display:inline-block}.elementor-widget-image a img[src$=\".svg\"]{width:48px}.elementor-widget-image img{vertical-align:middle;display:inline-block}<\/style>\t\t\t\t\t\t\t\t\t\t<img fetchpriority=\"high\" decoding=\"async\" width=\"800\" height=\"800\" src=\"https:\/\/www.linbis.com\/wp-content\/uploads\/2025\/04\/a-clear-infographic-style-illustration-o_2XF9VaAGQQWjuPi-Jvr0JQ_6qaH3FLkRzG2xfTi1lElDQ.jpeg\" class=\"attachment-large size-large wp-image-38317\" alt=\"Fundamentos de las Dimensiones de los Contenedores\" srcset=\"https:\/\/www.linbis.com\/wp-content\/uploads\/2025\/04\/a-clear-infographic-style-illustration-o_2XF9VaAGQQWjuPi-Jvr0JQ_6qaH3FLkRzG2xfTi1lElDQ.jpeg 1024w, https:\/\/www.linbis.com\/wp-content\/uploads\/2025\/04\/a-clear-infographic-style-illustration-o_2XF9VaAGQQWjuPi-Jvr0JQ_6qaH3FLkRzG2xfTi1lElDQ-300x300.jpeg 300w, https:\/\/www.linbis.com\/wp-content\/uploads\/2025\/04\/a-clear-infographic-style-illustration-o_2XF9VaAGQQWjuPi-Jvr0JQ_6qaH3FLkRzG2xfTi1lElDQ-150x150.jpeg 150w, https:\/\/www.linbis.com\/wp-content\/uploads\/2025\/04\/a-clear-infographic-style-illustration-o_2XF9VaAGQQWjuPi-Jvr0JQ_6qaH3FLkRzG2xfTi1lElDQ-768x768.jpeg 768w\" sizes=\"(max-width: 800px) 100vw, 800px\" \/>\t\t\t\t\t\t\t\t\t\t\t\t\t<\/div>\n\t\t\t\t<\/div>\n\t\t\t\t\t<\/div>\n\t\t<\/div>\n\t\t\t\t\t<\/div>\n\t\t<\/section>\n\t\t\t\t<section class=\"elementor-section elementor-top-section elementor-element elementor-element-29f6be13 elementor-section-boxed elementor-section-height-default elementor-section-height-default\" data-id=\"29f6be13\" data-element_type=\"section\">\n\t\t\t\t\t\t<div class=\"elementor-container elementor-column-gap-default\">\n\t\t\t\t\t<div class=\"elementor-column elementor-col-100 elementor-top-column elementor-element elementor-element-559ca7b1\" data-id=\"559ca7b1\" data-element_type=\"column\">\n\t\t\t<div class=\"elementor-widget-wrap elementor-element-populated\">\n\t\t\t\t\t\t<section class=\"elementor-section elementor-inner-section elementor-element elementor-element-32f0442f elementor-section-boxed elementor-section-height-default elementor-section-height-default\" data-id=\"32f0442f\" data-element_type=\"section\">\n\t\t\t\t\t\t<div class=\"elementor-container elementor-column-gap-default\">\n\t\t\t\t\t<div class=\"elementor-column elementor-col-100 elementor-inner-column elementor-element elementor-element-4e52d7ee elementor-invisible\" data-id=\"4e52d7ee\" data-element_type=\"column\" data-settings=\"{&quot;animation&quot;:&quot;fadeInDown&quot;}\">\n\t\t\t<div class=\"elementor-widget-wrap elementor-element-populated\">\n\t\t\t\t\t\t<div class=\"elementor-element elementor-element-ed8a414 elementor-widget elementor-widget-heading\" data-id=\"ed8a414\" data-element_type=\"widget\" data-widget_type=\"heading.default\">\n\t\t\t\t<div class=\"elementor-widget-container\">\n\t\t\t<h2 class=\"elementor-heading-title elementor-size-default\"> \u00bfPor Qu\u00e9 Son Importantes las Dimensiones de los Contenedores?\n<\/h2>\t\t<\/div>\n\t\t\t\t<\/div>\n\t\t\t\t<div class=\"elementor-element elementor-element-ae127d1 elementor-widget elementor-widget-text-editor\" data-id=\"ae127d1\" data-element_type=\"widget\" data-widget_type=\"text-editor.default\">\n\t\t\t\t<div class=\"elementor-widget-container\">\n\t\t\t<style>\/*! elementor - v3.23.0 - 05-08-2024 *\/\n.elementor-widget-text-editor.elementor-drop-cap-view-stacked .elementor-drop-cap{background-color:#69727d;color:#fff}.elementor-widget-text-editor.elementor-drop-cap-view-framed .elementor-drop-cap{color:#69727d;border:3px solid;background-color:transparent}.elementor-widget-text-editor:not(.elementor-drop-cap-view-default) .elementor-drop-cap{margin-top:8px}.elementor-widget-text-editor:not(.elementor-drop-cap-view-default) .elementor-drop-cap-letter{width:1em;height:1em}.elementor-widget-text-editor .elementor-drop-cap{float:left;text-align:center;line-height:1;font-size:50px}.elementor-widget-text-editor .elementor-drop-cap-letter{display:inline-block}<\/style>\t\t\t\t<p><span style=\"font-weight: 400\">Elegir el tama\u00f1o adecuado de contenedor impacta directamente en:<\/span><\/p><p><span style=\"font-weight: 400\">\u2714 <\/span><b>Costos de env\u00edo<\/b><span style=\"font-weight: 400\"> \u2013 Contenedores m\u00e1s grandes reducen el costo por unidad transportada.<\/span><span style=\"font-weight: 400\"><br \/><\/span><span style=\"font-weight: 400\"> \u2714 <\/span><b>Capacidad de almacenamiento<\/b><span style=\"font-weight: 400\"> \u2013 Maximiza el espacio \u00fatil y reduce espacio desperdiciado.<\/span><span style=\"font-weight: 400\"><br \/><\/span><span style=\"font-weight: 400\"> \u2714 <\/span><b>Manejo y transporte<\/b><span style=\"font-weight: 400\"> \u2013 Las dimensiones determinan el tipo de camiones, gr\u00faas y almacenes necesarios.<\/span><span style=\"font-weight: 400\"><br \/><\/span><span style=\"font-weight: 400\"> \u2714 <\/span><b>Cumplimiento regulatorio<\/b><span style=\"font-weight: 400\"> \u2013 Algunos env\u00edos requieren adherirse a normas aduanales y de comercio exterior.<\/span><\/p><p><span style=\"font-weight: 400\">Conocer las dimensiones est\u00e1ndar permite una <\/span><b>planificaci\u00f3n eficiente<\/b><span style=\"font-weight: 400\"> y operaciones log\u00edsticas sin contratiempos.<\/span><\/p>\t\t\t\t\t\t<\/div>\n\t\t\t\t<\/div>\n\t\t\t\t<div class=\"elementor-element elementor-element-f37581e elementor-widget elementor-widget-heading\" data-id=\"f37581e\" data-element_type=\"widget\" data-widget_type=\"heading.default\">\n\t\t\t\t<div class=\"elementor-widget-container\">\n\t\t\t<h2 class=\"elementor-heading-title elementor-size-default\">Tama\u00f1os Est\u00e1ndar de Contenedores (ISO)\n<\/h2>\t\t<\/div>\n\t\t\t\t<\/div>\n\t\t\t\t<div class=\"elementor-element elementor-element-311a87c elementor-widget elementor-widget-text-editor\" data-id=\"311a87c\" data-element_type=\"widget\" data-widget_type=\"text-editor.default\">\n\t\t\t\t<div class=\"elementor-widget-container\">\n\t\t\t\t\t\t\t<p><span style=\"font-weight: 400\">La <\/span><b>Organizaci\u00f3n Internacional de Normalizaci\u00f3n (ISO)<\/b><span style=\"font-weight: 400\"> ha establecido tama\u00f1os globales para garantizar compatibilidad en barcos, camiones y trenes. Aqu\u00ed est\u00e1n los m\u00e1s usados:<\/span><\/p><h3><b>1\ufe0f\u20e3 Contenedor Est\u00e1ndar de 20 pies (TEU \u2013 Twenty-Foot Equivalent Unit)<\/b><\/h3><p><span style=\"font-weight: 400\">\ud83d\udccf Dimensiones:<\/span><span style=\"font-weight: 400\"><br \/><\/span><span style=\"font-weight: 400\"> \u2022 <\/span><b>Externo<\/b><span style=\"font-weight: 400\">: 6.06 m (L) \u00d7 2.44 m (A) \u00d7 2.59 m (H)<\/span><span style=\"font-weight: 400\"><br \/><\/span><span style=\"font-weight: 400\"> \u2022 <\/span><b>Interno<\/b><span style=\"font-weight: 400\">: 5.9 m \u00d7 2.35 m \u00d7 2.39 m<\/span><span style=\"font-weight: 400\"><br \/><\/span><span style=\"font-weight: 400\"> \u2022 <\/span><b>Puerta<\/b><span style=\"font-weight: 400\">: 2.34 m \u00d7 2.28 m<\/span><span style=\"font-weight: 400\"><br \/><\/span><span style=\"font-weight: 400\"> \u2696 <\/span><b>Capacidad M\u00e1xima<\/b><span style=\"font-weight: 400\">: ~28,000 kg<\/span><span style=\"font-weight: 400\"><br \/><\/span><span style=\"font-weight: 400\"> \ud83d\udd39 <\/span><b>Ideal para<\/b><span style=\"font-weight: 400\">: carga pesada, maquinaria, bienes generales.<\/span><\/p><h3><b>2\ufe0f\u20e3 Contenedor Est\u00e1ndar de 40 pies (FEU \u2013 Forty-Foot Equivalent Unit)<\/b><\/h3><p><span style=\"font-weight: 400\">\ud83d\udccf Dimensiones:<\/span><span style=\"font-weight: 400\"><br \/><\/span><span style=\"font-weight: 400\"> \u2022 <\/span><b>Externo<\/b><span style=\"font-weight: 400\">: 12.19 m \u00d7 2.44 m \u00d7 2.59 m<\/span><span style=\"font-weight: 400\"><br \/><\/span><span style=\"font-weight: 400\"> \u2022 <\/span><b>Interno<\/b><span style=\"font-weight: 400\">: 12.03 m \u00d7 2.35 m \u00d7 2.39 m<\/span><span style=\"font-weight: 400\"><br \/><\/span><span style=\"font-weight: 400\"> \u2022 <\/span><b>Puerta<\/b><span style=\"font-weight: 400\">: 2.34 m \u00d7 2.28 m<\/span><span style=\"font-weight: 400\"><br \/><\/span><span style=\"font-weight: 400\"> \u2696 <\/span><b>Capacidad M\u00e1xima<\/b><span style=\"font-weight: 400\">: ~27,600 kg<\/span><span style=\"font-weight: 400\"><br \/><\/span><span style=\"font-weight: 400\"> \ud83d\udd39 <\/span><b>Ideal para<\/b><span style=\"font-weight: 400\">: carga voluminosa, muebles, textiles, electr\u00f3nicos.<\/span><\/p><h3><b>3\ufe0f\u20e3 Contenedor High Cube de 40 pies (HC o HQ)<\/b><\/h3><p><span style=\"font-weight: 400\">\ud83d\udccf Dimensiones:<\/span><span style=\"font-weight: 400\"><br \/><\/span><span style=\"font-weight: 400\"> \u2022 <\/span><b>Externo<\/b><span style=\"font-weight: 400\">: 12.19 m \u00d7 2.44 m \u00d7 2.89 m<\/span><span style=\"font-weight: 400\"><br \/><\/span><span style=\"font-weight: 400\"> \u2022 <\/span><b>Interno<\/b><span style=\"font-weight: 400\">: 12.03 m \u00d7 2.35 m \u00d7 2.69 m<\/span><span style=\"font-weight: 400\"><br \/><\/span><span style=\"font-weight: 400\"> \u2022 <\/span><b>Puerta<\/b><span style=\"font-weight: 400\">: 2.34 m \u00d7 2.58 m<\/span><span style=\"font-weight: 400\"><br \/><\/span><span style=\"font-weight: 400\"> \u2696 <\/span><b>Capacidad M\u00e1xima<\/b><span style=\"font-weight: 400\">: ~26,500 kg<\/span><span style=\"font-weight: 400\"><br \/><\/span><span style=\"font-weight: 400\"> \ud83d\udd39 <\/span><b>Ideal para<\/b><span style=\"font-weight: 400\">: carga voluminosa, mercanc\u00eda alta o liviana de gran volumen.<\/span><\/p><h3><b>4\ufe0f\u20e3 Contenedor High Cube de 45 pies<\/b><\/h3><p><span style=\"font-weight: 400\">\ud83d\udccf Dimensiones:<\/span><span style=\"font-weight: 400\"><br \/><\/span><span style=\"font-weight: 400\"> \u2022 <\/span><b>Externo<\/b><span style=\"font-weight: 400\">: 13.72 m \u00d7 2.44 m \u00d7 2.89 m<\/span><span style=\"font-weight: 400\"><br \/><\/span><span style=\"font-weight: 400\"> \u2022 <\/span><b>Interno<\/b><span style=\"font-weight: 400\">: 13.56 m \u00d7 2.35 m \u00d7 2.69 m<\/span><span style=\"font-weight: 400\"><br \/><\/span><span style=\"font-weight: 400\"> \u2022 <\/span><b>Puerta<\/b><span style=\"font-weight: 400\">: 2.34 m \u00d7 2.58 m<\/span><span style=\"font-weight: 400\"><br \/><\/span><span style=\"font-weight: 400\"> \u2696 <\/span><b>Capacidad M\u00e1xima<\/b><span style=\"font-weight: 400\">: ~26,000 kg<\/span><span style=\"font-weight: 400\"><br \/><\/span><span style=\"font-weight: 400\"> \ud83d\udd39 <\/span><b>Ideal para<\/b><span style=\"font-weight: 400\">: grandes vol\u00famenes, eficiencia en almacenaje, env\u00edos largos.<\/span><\/p>\t\t\t\t\t\t<\/div>\n\t\t\t\t<\/div>\n\t\t\t\t<div class=\"elementor-element elementor-element-99a0803 elementor-widget elementor-widget-image\" data-id=\"99a0803\" data-element_type=\"widget\" data-widget_type=\"image.default\">\n\t\t\t\t<div class=\"elementor-widget-container\">\n\t\t\t\t\t\t\t\t\t\t\t\t\t<img decoding=\"async\" width=\"800\" height=\"800\" src=\"https:\/\/www.linbis.com\/wp-content\/uploads\/2025\/04\/a-clear-infographic-style-illustration-o_B7XPULHBSUa805RUMUm55A_6qaH3FLkRzG2xfTi1lElDQ.jpeg\" class=\"attachment-large size-large wp-image-38315\" alt=\"Tama\u00f1os Est\u00e1ndar de Contenedores (ISO)\" srcset=\"https:\/\/www.linbis.com\/wp-content\/uploads\/2025\/04\/a-clear-infographic-style-illustration-o_B7XPULHBSUa805RUMUm55A_6qaH3FLkRzG2xfTi1lElDQ.jpeg 1024w, https:\/\/www.linbis.com\/wp-content\/uploads\/2025\/04\/a-clear-infographic-style-illustration-o_B7XPULHBSUa805RUMUm55A_6qaH3FLkRzG2xfTi1lElDQ-300x300.jpeg 300w, https:\/\/www.linbis.com\/wp-content\/uploads\/2025\/04\/a-clear-infographic-style-illustration-o_B7XPULHBSUa805RUMUm55A_6qaH3FLkRzG2xfTi1lElDQ-150x150.jpeg 150w, https:\/\/www.linbis.com\/wp-content\/uploads\/2025\/04\/a-clear-infographic-style-illustration-o_B7XPULHBSUa805RUMUm55A_6qaH3FLkRzG2xfTi1lElDQ-768x768.jpeg 768w\" sizes=\"(max-width: 800px) 100vw, 800px\" \/>\t\t\t\t\t\t\t\t\t\t\t\t\t<\/div>\n\t\t\t\t<\/div>\n\t\t\t\t<div class=\"elementor-element elementor-element-9c08be6 elementor-widget elementor-widget-heading\" data-id=\"9c08be6\" data-element_type=\"widget\" data-widget_type=\"heading.default\">\n\t\t\t\t<div class=\"elementor-widget-container\">\n\t\t\t<h2 class=\"elementor-heading-title elementor-size-default\">Contenedores Especializados y sus Dimensiones\n<\/h2>\t\t<\/div>\n\t\t\t\t<\/div>\n\t\t\t\t<div class=\"elementor-element elementor-element-520247a elementor-widget elementor-widget-text-editor\" data-id=\"520247a\" data-element_type=\"widget\" data-widget_type=\"text-editor.default\">\n\t\t\t\t<div class=\"elementor-widget-container\">\n\t\t\t\t\t\t\t<p><span style=\"font-weight: 400\">\ud83d\udd39 <\/span><b>Reefer Containers (Refrigerados)<\/b><span style=\"font-weight: 400\"> \u2013 Mismas dimensiones que los de 20 y 40 pies, pero con control de temperatura.<\/span><span style=\"font-weight: 400\"><br \/><\/span><span style=\"font-weight: 400\"> \ud83d\udd39 <\/span><b>Open Top<\/b><span style=\"font-weight: 400\"> \u2013 Carga sobredimensionada que se ingresa por la parte superior.<\/span><span style=\"font-weight: 400\"><br \/><\/span><span style=\"font-weight: 400\"> \ud83d\udd39 <\/span><b>Flat Rack<\/b><span style=\"font-weight: 400\"> \u2013 Para cargas muy anchas o altas; lados colapsables.<\/span><span style=\"font-weight: 400\"><br \/><\/span><span style=\"font-weight: 400\"> \ud83d\udd39 <\/span><b>Tank Containers<\/b><span style=\"font-weight: 400\"> \u2013 Para l\u00edquidos, qu\u00edmicos y gases; dise\u00f1ados para mercanc\u00eda peligrosa.<\/span><\/p>\t\t\t\t\t\t<\/div>\n\t\t\t\t<\/div>\n\t\t\t\t<div class=\"elementor-element elementor-element-2270f13 elementor-widget elementor-widget-heading\" data-id=\"2270f13\" data-element_type=\"widget\" data-widget_type=\"heading.default\">\n\t\t\t\t<div class=\"elementor-widget-container\">\n\t\t\t<h2 class=\"elementor-heading-title elementor-size-default\"> C\u00f3mo Elegir el Contenedor Correcto\n<\/h2>\t\t<\/div>\n\t\t\t\t<\/div>\n\t\t\t\t<div class=\"elementor-element elementor-element-33ed1cb elementor-widget elementor-widget-text-editor\" data-id=\"33ed1cb\" data-element_type=\"widget\" data-widget_type=\"text-editor.default\">\n\t\t\t\t<div class=\"elementor-widget-container\">\n\t\t\t\t\t\t\t<p><span style=\"font-weight: 400\">La elecci\u00f3n depende de <\/span><b>tipo de mercanc\u00eda, peso y m\u00e9todo de transporte<\/b><span style=\"font-weight: 400\">. Considera:<\/span><\/p><p><span style=\"font-weight: 400\">\u2714 <\/span><b>Volumen y peso<\/b><span style=\"font-weight: 400\"> \u2013 \u00bfTu carga entra en un 20&#8242;, 40&#8242; o HC?<\/span><span style=\"font-weight: 400\"><br \/><\/span><span style=\"font-weight: 400\"> \u2714 <\/span><b>Apilamiento y altura<\/b><span style=\"font-weight: 400\"> \u2013 \u00bfTus productos necesitan espacio adicional arriba?<\/span><span style=\"font-weight: 400\"><br \/><\/span><span style=\"font-weight: 400\"> \u2714 <\/span><b>Temperatura<\/b><span style=\"font-weight: 400\"> \u2013 \u00bfTransportas productos perecederos o farmac\u00e9uticos?<\/span><span style=\"font-weight: 400\"><br \/><\/span><span style=\"font-weight: 400\"> \u2714 <\/span><b>M\u00e9todo de carga<\/b><span style=\"font-weight: 400\"> \u2013 \u00bfNecesitas acceso superior o lados abiertos?<\/span><\/p><p><span style=\"font-weight: 400\">\ud83d\udce6 <\/span><b>Ejemplos<\/b><span style=\"font-weight: 400\">:<\/span><span style=\"font-weight: 400\"><br \/><\/span><span style=\"font-weight: 400\"> \ud83d\udd39 \u00bfRopa o electr\u00f3nicos? \u2192 Usa un contenedor est\u00e1ndar de 40&#8242;.<\/span><span style=\"font-weight: 400\"><br \/><\/span><span style=\"font-weight: 400\"> \ud83d\udd39 \u00bfMaquinaria alta? \u2192 Elige un High Cube de 40&#8242;.<\/span><span style=\"font-weight: 400\"><br \/><\/span><span style=\"font-weight: 400\"> \ud83d\udd39 \u00bfAlimentos congelados? \u2192 Necesitas un contenedor reefer.<\/span><\/p>\t\t\t\t\t\t<\/div>\n\t\t\t\t<\/div>\n\t\t\t\t<div class=\"elementor-element elementor-element-6c8b7fb elementor-widget elementor-widget-image\" data-id=\"6c8b7fb\" data-element_type=\"widget\" data-widget_type=\"image.default\">\n\t\t\t\t<div class=\"elementor-widget-container\">\n\t\t\t\t\t\t\t\t\t\t\t\t\t<img decoding=\"async\" width=\"800\" height=\"800\" src=\"https:\/\/www.linbis.com\/wp-content\/uploads\/2025\/04\/an-infographic-style-illustration-of-dif_Fp1NN2pITO-HFrDSIi3lKA_6qaH3FLkRzG2xfTi1lElDQ.jpeg\" class=\"attachment-large size-large wp-image-38313\" alt=\"Contenedores Especializados y sus Dimensiones\" srcset=\"https:\/\/www.linbis.com\/wp-content\/uploads\/2025\/04\/an-infographic-style-illustration-of-dif_Fp1NN2pITO-HFrDSIi3lKA_6qaH3FLkRzG2xfTi1lElDQ.jpeg 1024w, https:\/\/www.linbis.com\/wp-content\/uploads\/2025\/04\/an-infographic-style-illustration-of-dif_Fp1NN2pITO-HFrDSIi3lKA_6qaH3FLkRzG2xfTi1lElDQ-300x300.jpeg 300w, https:\/\/www.linbis.com\/wp-content\/uploads\/2025\/04\/an-infographic-style-illustration-of-dif_Fp1NN2pITO-HFrDSIi3lKA_6qaH3FLkRzG2xfTi1lElDQ-150x150.jpeg 150w, https:\/\/www.linbis.com\/wp-content\/uploads\/2025\/04\/an-infographic-style-illustration-of-dif_Fp1NN2pITO-HFrDSIi3lKA_6qaH3FLkRzG2xfTi1lElDQ-768x768.jpeg 768w\" sizes=\"(max-width: 800px) 100vw, 800px\" \/>\t\t\t\t\t\t\t\t\t\t\t\t\t<\/div>\n\t\t\t\t<\/div>\n\t\t\t\t\t<\/div>\n\t\t<\/div>\n\t\t\t\t\t<\/div>\n\t\t<\/section>\n\t\t\t\t\t<\/div>\n\t\t<\/div>\n\t\t\t\t\t<\/div>\n\t\t<\/section>\n\t\t\t\t<section class=\"elementor-section elementor-top-section elementor-element elementor-element-2ff95335 elementor-section-boxed elementor-section-height-default elementor-section-height-default\" data-id=\"2ff95335\" data-element_type=\"section\" data-settings=\"{&quot;background_background&quot;:&quot;classic&quot;}\">\n\t\t\t\t\t\t\t<div class=\"elementor-background-overlay\"><\/div>\n\t\t\t\t\t\t\t<div class=\"elementor-container elementor-column-gap-default\">\n\t\t\t\t\t<div class=\"elementor-column elementor-col-100 elementor-top-column elementor-element elementor-element-73d08595\" data-id=\"73d08595\" data-element_type=\"column\">\n\t\t\t<div class=\"elementor-widget-wrap elementor-element-populated\">\n\t\t\t\t\t\t<section class=\"elementor-section elementor-inner-section elementor-element elementor-element-31031d4a elementor-section-boxed elementor-section-height-default elementor-section-height-default\" data-id=\"31031d4a\" data-element_type=\"section\">\n\t\t\t\t\t\t<div class=\"elementor-container elementor-column-gap-default\">\n\t\t\t\t\t<div class=\"elementor-column elementor-col-100 elementor-inner-column elementor-element elementor-element-75bac020 elementor-invisible\" data-id=\"75bac020\" data-element_type=\"column\" data-settings=\"{&quot;animation&quot;:&quot;fadeInDown&quot;}\">\n\t\t\t<div class=\"elementor-widget-wrap elementor-element-populated\">\n\t\t\t\t\t\t<div class=\"elementor-element elementor-element-78946369 elementor-widget elementor-widget-heading\" data-id=\"78946369\" data-element_type=\"widget\" data-widget_type=\"heading.default\">\n\t\t\t\t<div class=\"elementor-widget-container\">\n\t\t\t<h2 class=\"elementor-heading-title elementor-size-default\">\u00bfC\u00f3mo Afectan los Tama\u00f1os de Contenedor al Costo?\n<\/h2>\t\t<\/div>\n\t\t\t\t<\/div>\n\t\t\t\t<div class=\"elementor-element elementor-element-397e8b9a elementor-widget elementor-widget-text-editor\" data-id=\"397e8b9a\" data-element_type=\"widget\" data-widget_type=\"text-editor.default\">\n\t\t\t\t<div class=\"elementor-widget-container\">\n\t\t\t\t\t\t\t<p><span style=\"font-weight: 400\">El costo de env\u00edo depende del tama\u00f1o, peso y volumen de la carga:<\/span><\/p><p><span style=\"font-weight: 400\">\ud83d\udea2 <\/span><b>Mayor peso = mayor tarifa de flete<\/b><span style=\"font-weight: 400\">.<\/span><span style=\"font-weight: 400\"><br \/><\/span><span style=\"font-weight: 400\"> \ud83d\udce6 <\/span><b>Espacio no utilizado = dinero perdido<\/b><span style=\"font-weight: 400\">.<\/span><span style=\"font-weight: 400\"><br \/><\/span><span style=\"font-weight: 400\"> \ud83d\udec3 <\/span><b>Impuestos y tarifas aduanales var\u00edan seg\u00fan tipo y destino<\/b><span style=\"font-weight: 400\">.<\/span><\/p><h3><b>\ud83e\udde0 Consejos para ahorrar:<\/b><\/h3><p><span style=\"font-weight: 400\">\u2714 Empaca eficientemente para aprovechar el espacio.<\/span><span style=\"font-weight: 400\"><br \/><\/span><span style=\"font-weight: 400\"> \u2714 Compara tarifas entre FCL (contenedor completo) y LCL (carga compartida).<\/span><span style=\"font-weight: 400\"><br \/><\/span><span style=\"font-weight: 400\"> \u2714 Usa transporte intermodal (mar\u00edtimo + ferrocarril + carretera) para reducir costos.<\/span><\/p>\t\t\t\t\t\t<\/div>\n\t\t\t\t<\/div>\n\t\t\t\t\t<\/div>\n\t\t<\/div>\n\t\t\t\t\t<\/div>\n\t\t<\/section>\n\t\t\t\t\t<\/div>\n\t\t<\/div>\n\t\t\t\t\t<\/div>\n\t\t<\/section>\n\t\t\t\t<section class=\"elementor-section elementor-top-section elementor-element elementor-element-3c8696a4 elementor-section-content-middle elementor-section-boxed elementor-section-height-default elementor-section-height-default\" data-id=\"3c8696a4\" data-element_type=\"section\" data-settings=\"{&quot;background_background&quot;:&quot;classic&quot;}\">\n\t\t\t\t\t\t<div class=\"elementor-container elementor-column-gap-default\">\n\t\t\t\t\t<div class=\"elementor-column elementor-col-100 elementor-top-column elementor-element elementor-element-47ea609a elementor-invisible\" data-id=\"47ea609a\" data-element_type=\"column\" data-settings=\"{&quot;animation&quot;:&quot;fadeInLeft&quot;}\">\n\t\t\t<div class=\"elementor-widget-wrap elementor-element-populated\">\n\t\t\t\t\t\t<div class=\"elementor-element elementor-element-3f5f2649 elementor-widget elementor-widget-heading\" data-id=\"3f5f2649\" data-element_type=\"widget\" data-widget_type=\"heading.default\">\n\t\t\t\t<div class=\"elementor-widget-container\">\n\t\t\t<h2 class=\"elementor-heading-title elementor-size-default\">Tendencias Futuras en Dise\u00f1o de Contenedores\n<\/h2>\t\t<\/div>\n\t\t\t\t<\/div>\n\t\t\t\t<div class=\"elementor-element elementor-element-5d0f1896 elementor-widget elementor-widget-text-editor\" data-id=\"5d0f1896\" data-element_type=\"widget\" data-widget_type=\"text-editor.default\">\n\t\t\t\t<div class=\"elementor-widget-container\">\n\t\t\t\t\t\t\t<p><span style=\"font-weight: 400\">La industria log\u00edstica est\u00e1 evolucionando, y los contenedores tambi\u00e9n. Algunos avances incluyen:<\/span><\/p><p><span style=\"font-weight: 400\">\ud83c\udf31 <\/span><b>Contenedores sostenibles<\/b><span style=\"font-weight: 400\"> \u2013 Materiales reciclables y menos contaminantes.<\/span><span style=\"font-weight: 400\"><br \/><\/span><span style=\"font-weight: 400\"> \ud83d\udce1 <\/span><b>Smart Containers<\/b><span style=\"font-weight: 400\"> \u2013 Equipados con sensores IoT para rastreo en tiempo real.<\/span><span style=\"font-weight: 400\"><br \/><\/span><span style=\"font-weight: 400\"> \ud83d\udce6 <\/span><b>Contenedores colapsables<\/b><span style=\"font-weight: 400\"> \u2013 Reducen espacio y costos en viajes de retorno vac\u00edos.<\/span><span style=\"font-weight: 400\"><br \/><\/span><span style=\"font-weight: 400\"> \ud83e\udde0 <\/span><b>IA para optimizaci\u00f3n de espacio<\/b><span style=\"font-weight: 400\"> \u2013 Algoritmos que maximizan la eficiencia de carga.<\/span><\/p><p><span style=\"font-weight: 400\">Estas mejoras impulsar\u00e1n una log\u00edstica <\/span><b>m\u00e1s inteligente, ecol\u00f3gica y rentable<\/b><span style=\"font-weight: 400\">. \ud83d\udd04\ud83d\udce6<\/span><\/p>\t\t\t\t\t\t<\/div>\n\t\t\t\t<\/div>\n\t\t\t\t<div class=\"elementor-element elementor-element-270f2f9 elementor-widget elementor-widget-image\" data-id=\"270f2f9\" data-element_type=\"widget\" data-widget_type=\"image.default\">\n\t\t\t\t<div class=\"elementor-widget-container\">\n\t\t\t\t\t\t\t\t\t\t\t\t\t<img loading=\"lazy\" decoding=\"async\" width=\"800\" height=\"800\" src=\"https:\/\/www.linbis.com\/wp-content\/uploads\/2025\/04\/a-clear-infographic-style-illustration-o_cDgcgAiKSW6urRsc6Mn_Tw_6qaH3FLkRzG2xfTi1lElDQ.jpeg\" class=\"attachment-large size-large wp-image-38311\" alt=\"Tendencias Futuras en Dise\u00f1o de Contenedores\" srcset=\"https:\/\/www.linbis.com\/wp-content\/uploads\/2025\/04\/a-clear-infographic-style-illustration-o_cDgcgAiKSW6urRsc6Mn_Tw_6qaH3FLkRzG2xfTi1lElDQ.jpeg 1024w, https:\/\/www.linbis.com\/wp-content\/uploads\/2025\/04\/a-clear-infographic-style-illustration-o_cDgcgAiKSW6urRsc6Mn_Tw_6qaH3FLkRzG2xfTi1lElDQ-300x300.jpeg 300w, https:\/\/www.linbis.com\/wp-content\/uploads\/2025\/04\/a-clear-infographic-style-illustration-o_cDgcgAiKSW6urRsc6Mn_Tw_6qaH3FLkRzG2xfTi1lElDQ-150x150.jpeg 150w, https:\/\/www.linbis.com\/wp-content\/uploads\/2025\/04\/a-clear-infographic-style-illustration-o_cDgcgAiKSW6urRsc6Mn_Tw_6qaH3FLkRzG2xfTi1lElDQ-768x768.jpeg 768w\" sizes=\"(max-width: 800px) 100vw, 800px\" \/>\t\t\t\t\t\t\t\t\t\t\t\t\t<\/div>\n\t\t\t\t<\/div>\n\t\t\t\t<div class=\"elementor-element elementor-element-37d9772 elementor-widget elementor-widget-button\" data-id=\"37d9772\" data-element_type=\"widget\" data-widget_type=\"button.default\">\n\t\t\t\t<div class=\"elementor-widget-container\">\n\t\t\t\t\t<div class=\"elementor-button-wrapper\">\n\t\t\t<a class=\"elementor-button elementor-button-link elementor-size-md\" href=\"https:\/\/www.linbis.com\/pricing\/\">\n\t\t\t\t\t\t<span class=\"elementor-button-content-wrapper\">\n\t\t\t\t\t\t<span class=\"elementor-button-icon\">\n\t\t\t\t<svg aria-hidden=\"true\" class=\"e-font-icon-svg e-fas-arrow-right\" viewBox=\"0 0 448 512\" xmlns=\"http:\/\/www.w3.org\/2000\/svg\"><path d=\"M190.5 66.9l22.2-22.2c9.4-9.4 24.6-9.4 33.9 0L441 239c9.4 9.4 9.4 24.6 0 33.9L246.6 467.3c-9.4 9.4-24.6 9.4-33.9 0l-22.2-22.2c-9.5-9.5-9.3-25 .4-34.3L311.4 296H24c-13.3 0-24-10.7-24-24v-32c0-13.3 10.7-24 24-24h287.4L190.9 101.2c-9.8-9.3-10-24.8-.4-34.3z\"><\/path><\/svg>\t\t\t<\/span>\n\t\t\t\t\t\t\t\t\t<span class=\"elementor-button-text\">Join us here<\/span>\n\t\t\t\t\t<\/span>\n\t\t\t\t\t<\/a>\n\t\t<\/div>\n\t\t\t\t<\/div>\n\t\t\t\t<\/div>\n\t\t\t\t\t<\/div>\n\t\t<\/div>\n\t\t\t\t\t<\/div>\n\t\t<\/section>\n\t\t<div class=\"elementor-element elementor-element-4b263381 e-flex e-con-boxed e-con e-parent\" data-id=\"4b263381\" data-element_type=\"container\">\n\t\t\t\t\t<div class=\"e-con-inner\">\n\t\t\t\t<div class=\"elementor-element elementor-element-5774ab34 elementor-widget elementor-widget-heading\" data-id=\"5774ab34\" data-element_type=\"widget\" data-widget_type=\"heading.default\">\n\t\t\t\t<div class=\"elementor-widget-container\">\n\t\t\t<h2 class=\"elementor-heading-title elementor-size-default\">\u2705 Conclusi\u00f3n\n<\/h2>\t\t<\/div>\n\t\t\t\t<\/div>\n\t\t\t\t<div class=\"elementor-element elementor-element-73ce658 elementor-widget elementor-widget-text-editor\" data-id=\"73ce658\" data-element_type=\"widget\" data-widget_type=\"text-editor.default\">\n\t\t\t\t<div class=\"elementor-widget-container\">\n\t\t\t\t\t\t\t<p><span style=\"font-weight: 400\">Entender las <\/span><b>dimensiones de los contenedores<\/b><span style=\"font-weight: 400\"> es clave para empresas y profesionales del comercio internacional que buscan <\/span><b>reducir costos y mejorar la eficiencia log\u00edstica<\/b><span style=\"font-weight: 400\">.<\/span><\/p><p><span style=\"font-weight: 400\">Ya sea que transportes mercanc\u00eda ligera en un 20&#8242; o carga voluminosa en un 40&#8242; High Cube, elegir correctamente el tipo de contenedor <\/span><b>impacta directamente en tus m\u00e1rgenes de ganancia y tiempos de entrega<\/b><span style=\"font-weight: 400\">.<\/span><\/p><p><span style=\"font-weight: 400\">Con el avance de la tecnolog\u00eda log\u00edstica, el uso de contenedores ser\u00e1 cada vez m\u00e1s <\/span><b>eficiente, seguro y sostenible<\/b><span style=\"font-weight: 400\"> en el comercio global.\u00a0<\/span><\/p><p>\u00a0<\/p>\t\t\t\t\t\t<\/div>\n\t\t\t\t<\/div>\n\t\t\t\t\t<\/div>\n\t\t\t\t<\/div>\n\t\t\t\t<\/div>\n\t\t","protected":false},"excerpt":{"rendered":"<p>\/*! elementor &#8211; v3.23.0 &#8211; 05-08-2024 *\/ .elementor-heading-title{padding:0;margin:0;line-height:1}.elementor-widget-heading .elementor-heading-title[class*=elementor-size-]&gt;a{color:inherit;font-size:inherit;line-height:inherit}.elementor-widget-heading .elementor-heading-title.elementor-size-small{font-size:15px}.elementor-widget-heading .elementor-heading-title.elementor-size-medium{font-size:19px}.elementor-widget-heading .elementor-heading-title.elementor-size-large{font-size:29px}.elementor-widget-heading .elementor-heading-title.elementor-size-xl{font-size:39px}.elementor-widget-heading .elementor-heading-title.elementor-size-xxl{font-size:59px} Fundamentos de las Dimensiones de los Contenedores Los contenedores mar\u00edtimos son la columna vertebral del comercio global, permitiendo el transporte eficiente de mercanc\u00edas por oc\u00e9ano, ferrocarril y carretera. Entender las dimensiones de los contenedores es clave para empresas, agentes de carga [&hellip;]<\/p>\n","protected":false},"author":10,"featured_media":0,"comment_status":"closed","ping_status":"open","sticky":false,"template":"","format":"standard","meta":{"_monsterinsights_skip_tracking":false,"_monsterinsights_sitenote_active":false,"_monsterinsights_sitenote_note":"","_monsterinsights_sitenote_category":0,"footnotes":""},"categories":[246],"tags":[],"class_list":["post-38308","post","type-post","status-publish","format-standard","hentry","category-sin-categorizar"],"yoast_head":"<!-- This site is optimized with the Yoast SEO Premium plugin v22.5 (Yoast SEO v23.3) - https:\/\/yoast.com\/wordpress\/plugins\/seo\/ -->\n<title>tama\u00f1os est\u00e1ndar de contenedores<\/title>\n<meta name=\"description\" content=\"En este art\u00edculo, exploraremos los tama\u00f1os est\u00e1ndar de contenedores, sus usos pr\u00e1cticos y por qu\u00e9 elegir la dimensi\u00f3n correcta es fundamental\" \/>\n<meta name=\"robots\" content=\"index, follow, max-snippet:-1, max-image-preview:large, max-video-preview:-1\" \/>\n<link rel=\"canonical\" href=\"https:\/\/www.linbis.com\/es\/sin-categorizar\/tamanos-estandar-de-contenedores\/\" \/>\n<meta property=\"og:locale\" content=\"es_ES\" \/>\n<meta property=\"og:type\" content=\"article\" \/>\n<meta property=\"og:title\" content=\"Fundamentos de las Dimensiones de los Contenedores\" \/>\n<meta property=\"og:description\" content=\"En este art\u00edculo, exploraremos los tama\u00f1os est\u00e1ndar de contenedores, sus usos pr\u00e1cticos y por qu\u00e9 elegir la dimensi\u00f3n correcta es fundamental\" \/>\n<meta property=\"og:url\" content=\"https:\/\/www.linbis.com\/es\/sin-categorizar\/tamanos-estandar-de-contenedores\/\" \/>\n<meta property=\"og:site_name\" content=\"Linbis Logistics Software\" \/>\n<meta property=\"article:publisher\" content=\"https:\/\/www.facebook.com\/linbiscloud\/\" \/>\n<meta property=\"article:published_time\" content=\"2025-04-02T14:18:21+00:00\" \/>\n<meta property=\"article:modified_time\" content=\"2025-04-02T14:18:23+00:00\" \/>\n<meta property=\"og:image\" content=\"https:\/\/www.linbis.com\/wp-content\/uploads\/2025\/04\/a-clear-infographic-style-illustration-o_2XF9VaAGQQWjuPi-Jvr0JQ_6qaH3FLkRzG2xfTi1lElDQ.jpeg\" \/>\n<meta name=\"author\" content=\"Francisco Topete\" \/>\n<meta name=\"twitter:card\" content=\"summary_large_image\" \/>\n<meta name=\"twitter:label1\" content=\"Written by\" \/>\n\t<meta name=\"twitter:data1\" content=\"Francisco Topete\" \/>\n\t<meta name=\"twitter:label2\" content=\"Est. reading time\" \/>\n\t<meta name=\"twitter:data2\" content=\"5 minutes\" \/>\n<script type=\"application\/ld+json\" class=\"yoast-schema-graph\">{\"@context\":\"https:\/\/schema.org\",\"@graph\":[{\"@type\":\"Article\",\"@id\":\"https:\/\/www.linbis.com\/es\/sin-categorizar\/tamanos-estandar-de-contenedores\/#article\",\"isPartOf\":{\"@id\":\"https:\/\/www.linbis.com\/es\/sin-categorizar\/tamanos-estandar-de-contenedores\/\"},\"author\":{\"name\":\"Francisco Topete\",\"@id\":\"https:\/\/www.linbis.com\/es\/#\/schema\/person\/6a244bd333c324b89189c629d98291bc\"},\"headline\":\"Fundamentos de las Dimensiones de los Contenedores\",\"datePublished\":\"2025-04-02T14:18:21+00:00\",\"dateModified\":\"2025-04-02T14:18:23+00:00\",\"mainEntityOfPage\":{\"@id\":\"https:\/\/www.linbis.com\/es\/sin-categorizar\/tamanos-estandar-de-contenedores\/\"},\"wordCount\":880,\"publisher\":{\"@id\":\"https:\/\/www.linbis.com\/es\/#organization\"},\"image\":{\"@id\":\"https:\/\/www.linbis.com\/es\/sin-categorizar\/tamanos-estandar-de-contenedores\/#primaryimage\"},\"thumbnailUrl\":\"https:\/\/www.linbis.com\/wp-content\/uploads\/2025\/04\/a-clear-infographic-style-illustration-o_2XF9VaAGQQWjuPi-Jvr0JQ_6qaH3FLkRzG2xfTi1lElDQ.jpeg\",\"articleSection\":[\"Sin categorizar\"],\"inLanguage\":\"es-ES\"},{\"@type\":\"WebPage\",\"@id\":\"https:\/\/www.linbis.com\/es\/sin-categorizar\/tamanos-estandar-de-contenedores\/\",\"url\":\"https:\/\/www.linbis.com\/es\/sin-categorizar\/tamanos-estandar-de-contenedores\/\",\"name\":\"tama\u00f1os est\u00e1ndar de contenedores\",\"isPartOf\":{\"@id\":\"https:\/\/www.linbis.com\/es\/#website\"},\"primaryImageOfPage\":{\"@id\":\"https:\/\/www.linbis.com\/es\/sin-categorizar\/tamanos-estandar-de-contenedores\/#primaryimage\"},\"image\":{\"@id\":\"https:\/\/www.linbis.com\/es\/sin-categorizar\/tamanos-estandar-de-contenedores\/#primaryimage\"},\"thumbnailUrl\":\"https:\/\/www.linbis.com\/wp-content\/uploads\/2025\/04\/a-clear-infographic-style-illustration-o_2XF9VaAGQQWjuPi-Jvr0JQ_6qaH3FLkRzG2xfTi1lElDQ.jpeg\",\"datePublished\":\"2025-04-02T14:18:21+00:00\",\"dateModified\":\"2025-04-02T14:18:23+00:00\",\"description\":\"En este art\u00edculo, exploraremos los tama\u00f1os est\u00e1ndar de contenedores, sus usos pr\u00e1cticos y por qu\u00e9 elegir la dimensi\u00f3n correcta es fundamental\",\"breadcrumb\":{\"@id\":\"https:\/\/www.linbis.com\/es\/sin-categorizar\/tamanos-estandar-de-contenedores\/#breadcrumb\"},\"inLanguage\":\"es-ES\",\"potentialAction\":[{\"@type\":\"ReadAction\",\"target\":[\"https:\/\/www.linbis.com\/es\/sin-categorizar\/tamanos-estandar-de-contenedores\/\"]}]},{\"@type\":\"ImageObject\",\"inLanguage\":\"es-ES\",\"@id\":\"https:\/\/www.linbis.com\/es\/sin-categorizar\/tamanos-estandar-de-contenedores\/#primaryimage\",\"url\":\"https:\/\/www.linbis.com\/wp-content\/uploads\/2025\/04\/a-clear-infographic-style-illustration-o_2XF9VaAGQQWjuPi-Jvr0JQ_6qaH3FLkRzG2xfTi1lElDQ.jpeg\",\"contentUrl\":\"https:\/\/www.linbis.com\/wp-content\/uploads\/2025\/04\/a-clear-infographic-style-illustration-o_2XF9VaAGQQWjuPi-Jvr0JQ_6qaH3FLkRzG2xfTi1lElDQ.jpeg\"},{\"@type\":\"BreadcrumbList\",\"@id\":\"https:\/\/www.linbis.com\/es\/sin-categorizar\/tamanos-estandar-de-contenedores\/#breadcrumb\",\"itemListElement\":[{\"@type\":\"ListItem\",\"position\":1,\"name\":\"Home\",\"item\":\"https:\/\/www.linbis.com\/es\/\"},{\"@type\":\"ListItem\",\"position\":2,\"name\":\"Fundamentos de las Dimensiones de los Contenedores\"}]},{\"@type\":\"WebSite\",\"@id\":\"https:\/\/www.linbis.com\/es\/#website\",\"url\":\"https:\/\/www.linbis.com\/es\/\",\"name\":\"Linbis Logistics Software\",\"description\":\"Logistic Software\",\"publisher\":{\"@id\":\"https:\/\/www.linbis.com\/es\/#organization\"},\"potentialAction\":[{\"@type\":\"SearchAction\",\"target\":{\"@type\":\"EntryPoint\",\"urlTemplate\":\"https:\/\/www.linbis.com\/es\/?s={search_term_string}\"},\"query-input\":\"required name=search_term_string\"}],\"inLanguage\":\"es-ES\"},{\"@type\":\"Organization\",\"@id\":\"https:\/\/www.linbis.com\/es\/#organization\",\"name\":\"Linbis, Inc.\",\"url\":\"https:\/\/www.linbis.com\/es\/\",\"logo\":{\"@type\":\"ImageObject\",\"inLanguage\":\"es-ES\",\"@id\":\"https:\/\/www.linbis.com\/es\/#\/schema\/logo\/image\/\",\"url\":\"https:\/\/www.linbis.com\/wp-content\/uploads\/2017\/03\/logo2x.png\",\"contentUrl\":\"https:\/\/www.linbis.com\/wp-content\/uploads\/2017\/03\/logo2x.png\",\"width\":494,\"height\":170,\"caption\":\"Linbis, Inc.\"},\"image\":{\"@id\":\"https:\/\/www.linbis.com\/es\/#\/schema\/logo\/image\/\"},\"sameAs\":[\"https:\/\/www.facebook.com\/linbiscloud\/\"]},{\"@type\":\"Person\",\"@id\":\"https:\/\/www.linbis.com\/es\/#\/schema\/person\/6a244bd333c324b89189c629d98291bc\",\"name\":\"Francisco Topete\",\"image\":{\"@type\":\"ImageObject\",\"inLanguage\":\"es-ES\",\"@id\":\"https:\/\/www.linbis.com\/es\/#\/schema\/person\/image\/\",\"url\":\"https:\/\/secure.gravatar.com\/avatar\/97e6c289f9a497d7bba753d2881d9888?s=96&d=mm&r=g\",\"contentUrl\":\"https:\/\/secure.gravatar.com\/avatar\/97e6c289f9a497d7bba753d2881d9888?s=96&d=mm&r=g\",\"caption\":\"Francisco Topete\"},\"url\":\"https:\/\/www.linbis.com\/es\/author\/franciscojrlinbis-com\/\"}]}<\/script>\n<!-- \/ Yoast SEO Premium plugin. -->","yoast_head_json":{"title":"tama\u00f1os est\u00e1ndar de contenedores","description":"En este art\u00edculo, exploraremos los tama\u00f1os est\u00e1ndar de contenedores, sus usos pr\u00e1cticos y por qu\u00e9 elegir la dimensi\u00f3n correcta es fundamental","robots":{"index":"index","follow":"follow","max-snippet":"max-snippet:-1","max-image-preview":"max-image-preview:large","max-video-preview":"max-video-preview:-1"},"canonical":"https:\/\/www.linbis.com\/es\/sin-categorizar\/tamanos-estandar-de-contenedores\/","og_locale":"es_ES","og_type":"article","og_title":"Fundamentos de las Dimensiones de los Contenedores","og_description":"En este art\u00edculo, exploraremos los tama\u00f1os est\u00e1ndar de contenedores, sus usos pr\u00e1cticos y por qu\u00e9 elegir la dimensi\u00f3n correcta es fundamental","og_url":"https:\/\/www.linbis.com\/es\/sin-categorizar\/tamanos-estandar-de-contenedores\/","og_site_name":"Linbis Logistics Software","article_publisher":"https:\/\/www.facebook.com\/linbiscloud\/","article_published_time":"2025-04-02T14:18:21+00:00","article_modified_time":"2025-04-02T14:18:23+00:00","og_image":[{"url":"https:\/\/www.linbis.com\/wp-content\/uploads\/2025\/04\/a-clear-infographic-style-illustration-o_2XF9VaAGQQWjuPi-Jvr0JQ_6qaH3FLkRzG2xfTi1lElDQ.jpeg"}],"author":"Francisco Topete","twitter_card":"summary_large_image","twitter_misc":{"Written by":"Francisco Topete","Est. reading time":"5 minutes"},"schema":{"@context":"https:\/\/schema.org","@graph":[{"@type":"Article","@id":"https:\/\/www.linbis.com\/es\/sin-categorizar\/tamanos-estandar-de-contenedores\/#article","isPartOf":{"@id":"https:\/\/www.linbis.com\/es\/sin-categorizar\/tamanos-estandar-de-contenedores\/"},"author":{"name":"Francisco Topete","@id":"https:\/\/www.linbis.com\/es\/#\/schema\/person\/6a244bd333c324b89189c629d98291bc"},"headline":"Fundamentos de las Dimensiones de los Contenedores","datePublished":"2025-04-02T14:18:21+00:00","dateModified":"2025-04-02T14:18:23+00:00","mainEntityOfPage":{"@id":"https:\/\/www.linbis.com\/es\/sin-categorizar\/tamanos-estandar-de-contenedores\/"},"wordCount":880,"publisher":{"@id":"https:\/\/www.linbis.com\/es\/#organization"},"image":{"@id":"https:\/\/www.linbis.com\/es\/sin-categorizar\/tamanos-estandar-de-contenedores\/#primaryimage"},"thumbnailUrl":"https:\/\/www.linbis.com\/wp-content\/uploads\/2025\/04\/a-clear-infographic-style-illustration-o_2XF9VaAGQQWjuPi-Jvr0JQ_6qaH3FLkRzG2xfTi1lElDQ.jpeg","articleSection":["Sin categorizar"],"inLanguage":"es-ES"},{"@type":"WebPage","@id":"https:\/\/www.linbis.com\/es\/sin-categorizar\/tamanos-estandar-de-contenedores\/","url":"https:\/\/www.linbis.com\/es\/sin-categorizar\/tamanos-estandar-de-contenedores\/","name":"tama\u00f1os est\u00e1ndar de contenedores","isPartOf":{"@id":"https:\/\/www.linbis.com\/es\/#website"},"primaryImageOfPage":{"@id":"https:\/\/www.linbis.com\/es\/sin-categorizar\/tamanos-estandar-de-contenedores\/#primaryimage"},"image":{"@id":"https:\/\/www.linbis.com\/es\/sin-categorizar\/tamanos-estandar-de-contenedores\/#primaryimage"},"thumbnailUrl":"https:\/\/www.linbis.com\/wp-content\/uploads\/2025\/04\/a-clear-infographic-style-illustration-o_2XF9VaAGQQWjuPi-Jvr0JQ_6qaH3FLkRzG2xfTi1lElDQ.jpeg","datePublished":"2025-04-02T14:18:21+00:00","dateModified":"2025-04-02T14:18:23+00:00","description":"En este art\u00edculo, exploraremos los tama\u00f1os est\u00e1ndar de contenedores, sus usos pr\u00e1cticos y por qu\u00e9 elegir la dimensi\u00f3n correcta es fundamental","breadcrumb":{"@id":"https:\/\/www.linbis.com\/es\/sin-categorizar\/tamanos-estandar-de-contenedores\/#breadcrumb"},"inLanguage":"es-ES","potentialAction":[{"@type":"ReadAction","target":["https:\/\/www.linbis.com\/es\/sin-categorizar\/tamanos-estandar-de-contenedores\/"]}]},{"@type":"ImageObject","inLanguage":"es-ES","@id":"https:\/\/www.linbis.com\/es\/sin-categorizar\/tamanos-estandar-de-contenedores\/#primaryimage","url":"https:\/\/www.linbis.com\/wp-content\/uploads\/2025\/04\/a-clear-infographic-style-illustration-o_2XF9VaAGQQWjuPi-Jvr0JQ_6qaH3FLkRzG2xfTi1lElDQ.jpeg","contentUrl":"https:\/\/www.linbis.com\/wp-content\/uploads\/2025\/04\/a-clear-infographic-style-illustration-o_2XF9VaAGQQWjuPi-Jvr0JQ_6qaH3FLkRzG2xfTi1lElDQ.jpeg"},{"@type":"BreadcrumbList","@id":"https:\/\/www.linbis.com\/es\/sin-categorizar\/tamanos-estandar-de-contenedores\/#breadcrumb","itemListElement":[{"@type":"ListItem","position":1,"name":"Home","item":"https:\/\/www.linbis.com\/es\/"},{"@type":"ListItem","position":2,"name":"Fundamentos de las Dimensiones de los Contenedores"}]},{"@type":"WebSite","@id":"https:\/\/www.linbis.com\/es\/#website","url":"https:\/\/www.linbis.com\/es\/","name":"Linbis Logistics Software","description":"Logistic Software","publisher":{"@id":"https:\/\/www.linbis.com\/es\/#organization"},"potentialAction":[{"@type":"SearchAction","target":{"@type":"EntryPoint","urlTemplate":"https:\/\/www.linbis.com\/es\/?s={search_term_string}"},"query-input":"required name=search_term_string"}],"inLanguage":"es-ES"},{"@type":"Organization","@id":"https:\/\/www.linbis.com\/es\/#organization","name":"Linbis, Inc.","url":"https:\/\/www.linbis.com\/es\/","logo":{"@type":"ImageObject","inLanguage":"es-ES","@id":"https:\/\/www.linbis.com\/es\/#\/schema\/logo\/image\/","url":"https:\/\/www.linbis.com\/wp-content\/uploads\/2017\/03\/logo2x.png","contentUrl":"https:\/\/www.linbis.com\/wp-content\/uploads\/2017\/03\/logo2x.png","width":494,"height":170,"caption":"Linbis, Inc."},"image":{"@id":"https:\/\/www.linbis.com\/es\/#\/schema\/logo\/image\/"},"sameAs":["https:\/\/www.facebook.com\/linbiscloud\/"]},{"@type":"Person","@id":"https:\/\/www.linbis.com\/es\/#\/schema\/person\/6a244bd333c324b89189c629d98291bc","name":"Francisco Topete","image":{"@type":"ImageObject","inLanguage":"es-ES","@id":"https:\/\/www.linbis.com\/es\/#\/schema\/person\/image\/","url":"https:\/\/secure.gravatar.com\/avatar\/97e6c289f9a497d7bba753d2881d9888?s=96&d=mm&r=g","contentUrl":"https:\/\/secure.gravatar.com\/avatar\/97e6c289f9a497d7bba753d2881d9888?s=96&d=mm&r=g","caption":"Francisco Topete"},"url":"https:\/\/www.linbis.com\/es\/author\/franciscojrlinbis-com\/"}]}},"_links":{"self":[{"href":"https:\/\/www.linbis.com\/es\/wp-json\/wp\/v2\/posts\/38308"}],"collection":[{"href":"https:\/\/www.linbis.com\/es\/wp-json\/wp\/v2\/posts"}],"about":[{"href":"https:\/\/www.linbis.com\/es\/wp-json\/wp\/v2\/types\/post"}],"author":[{"embeddable":true,"href":"https:\/\/www.linbis.com\/es\/wp-json\/wp\/v2\/users\/10"}],"replies":[{"embeddable":true,"href":"https:\/\/www.linbis.com\/es\/wp-json\/wp\/v2\/comments?post=38308"}],"version-history":[{"count":5,"href":"https:\/\/www.linbis.com\/es\/wp-json\/wp\/v2\/posts\/38308\/revisions"}],"predecessor-version":[{"id":38321,"href":"https:\/\/www.linbis.com\/es\/wp-json\/wp\/v2\/posts\/38308\/revisions\/38321"}],"wp:attachment":[{"href":"https:\/\/www.linbis.com\/es\/wp-json\/wp\/v2\/media?parent=38308"}],"wp:term":[{"taxonomy":"category","embeddable":true,"href":"https:\/\/www.linbis.com\/es\/wp-json\/wp\/v2\/categories?post=38308"},{"taxonomy":"post_tag","embeddable":true,"href":"https:\/\/www.linbis.com\/es\/wp-json\/wp\/v2\/tags?post=38308"}],"curies":[{"name":"wp","href":"https:\/\/api.w.org\/{rel}","templated":true}]}}